{"id":3310,"date":"2025-06-05T14:54:02","date_gmt":"2025-06-05T14:54:02","guid":{"rendered":"https:\/\/sustainabloom.org\/?post_type=news&#038;p=3310"},"modified":"2025-11-04T19:45:10","modified_gmt":"2025-11-04T19:45:10","slug":"logistica-limpia-y-eficiente-en-armellini-logistics","status":"publish","type":"news","link":"https:\/\/sustainabloom.org\/es\/news\/clean-driven-logistics-at-armellini-logistics","title":{"rendered":"\u201cLog\u00edstica sostenible\u201d en Armellini Logistics"},"content":{"rendered":"<p class=\"wp-block-paragraph\">Armellini Logistics se enorgullece de celebrar este a\u00f1o su 80.\u00ba aniversario. Aunque cuenta con una rica trayectoria, siempre mira hacia el futuro y la sostenibilidad forma parte de sus planes. Su programa de sostenibilidad se titula <strong>\u201cLog\u00edstica impulsada por la sostenibilidad\u201d<\/strong>.<\/p>\n\n\n<div class=\"wp-block-image\">\n<figure class=\"aligncenter size-large\"><img loading=\"lazy\" decoding=\"async\" width=\"1024\" height=\"529\" src=\"https:\/\/sustainabloom.org\/wp-content\/uploads\/2025\/06\/2025-truck-and-trailer_8879-1024x529.jpg\" alt=\"\" class=\"wp-image-3311\" srcset=\"https:\/\/sustainabloom.org\/wp-content\/uploads\/2025\/06\/2025-truck-and-trailer_8879-1024x529.jpg 1024w, https:\/\/sustainabloom.org\/wp-content\/uploads\/2025\/06\/2025-truck-and-trailer_8879-300x155.jpg 300w, https:\/\/sustainabloom.org\/wp-content\/uploads\/2025\/06\/2025-truck-and-trailer_8879-768x397.jpg 768w, https:\/\/sustainabloom.org\/wp-content\/uploads\/2025\/06\/2025-truck-and-trailer_8879-1536x794.jpg 1536w, https:\/\/sustainabloom.org\/wp-content\/uploads\/2025\/06\/2025-truck-and-trailer_8879-2048x1059.jpg 2048w, https:\/\/sustainabloom.org\/wp-content\/uploads\/2025\/06\/2025-truck-and-trailer_8879-540x279.jpg 540w, https:\/\/sustainabloom.org\/wp-content\/uploads\/2025\/06\/2025-truck-and-trailer_8879-900x465.jpg 900w, https:\/\/sustainabloom.org\/wp-content\/uploads\/2025\/06\/2025-truck-and-trailer_8879-1440x744.jpg 1440w\" sizes=\"auto, (max-width: 1024px) 100vw, 1024px\" \/><\/figure>\n<\/div>\n\n\n<p class=\"wp-block-paragraph\">Armellini Logistics es socio del programa SmartWay de la EPA. Cuenta con una calificaci\u00f3n de 1 (donde 1 corresponde a las emisiones m\u00e1s bajas de CO\u2082 y NOx y 5 a las m\u00e1s altas).<\/p>\n\n\n\n<p class=\"wp-block-paragraph\">Cuentan con un Plan de Prevenci\u00f3n de la Contaminaci\u00f3n de las Aguas Pluviales (SWPPP) aprobado por el Departamento de Protecci\u00f3n Ambiental de Florida (DEP) e imparten formaci\u00f3n a los empleados sobre la importancia del agua limpia y la prevenci\u00f3n de la contaminaci\u00f3n. Los responsables de la terminal cuentan con certificaci\u00f3n en gesti\u00f3n de aguas pluviales.<\/p>\n\n\n\n<p class=\"wp-block-paragraph\">En 2024, reciclaron 370 neum\u00e1ticos a trav\u00e9s de un proveedor local. Los neum\u00e1ticos reciclados pueden utilizarse en diversas aplicaciones, desde la producci\u00f3n de asfalto y alfombrillas hasta el relleno de c\u00e9sped artificial. Otros neum\u00e1ticos usados se recogen gracias a una colaboraci\u00f3n con fabricantes de neum\u00e1ticos nuevos para camiones. Ning\u00fan neum\u00e1tico acab\u00f3 en un vertedero.<\/p>\n\n\n\n<p class=\"wp-block-paragraph\">En 2024, reciclaron 590 pilas usadas. Ninguna pila acab\u00f3 en un vertedero.<\/p>\n\n\n\n<p class=\"wp-block-paragraph\">Una empresa local de reciclaje se encarga de la recogida del metal, el aluminio y el cart\u00f3n usados. El aceite usado y otros productos qu\u00edmicos son recogidos por una empresa autorizada para el transporte de materiales peligrosos, donde se limpian y se reutilizan en otras industrias, como la producci\u00f3n de asfalto.<\/p>\n\n\n\n<p class=\"wp-block-paragraph\">Est\u00e1n en proceso de cambiar toda la iluminaci\u00f3n de sus almacenes a LED. Las instalaciones de Palm City (Florida) ya cumplen con la norma 100%.<\/p>\n\n\n\n<p class=\"wp-block-paragraph\">Aproximadamente el 80% de su flota de camiones y tractores tiene menos de 4 a\u00f1os. Los tractores m\u00e1s nuevos son mucho m\u00e1s eficientes en cuanto al consumo de combustible que los antiguos. Adem\u00e1s, estos tractores utilizan la tecnolog\u00eda \u201cClean Idle\u201d, homologada por la EPA de California.<\/p>\n\n\n\n<p class=\"wp-block-paragraph\">En 2022, instalaron cubiertas de rueda y deflectores de viento \u201cFlow Below\u201d. Esto ha supuesto un ahorro de combustible de 0,931 TP3T. En 2023, se a\u00f1adieron faldones para los remolques, lo que supuso un ahorro adicional de combustible.<\/p>\n\n\n\n<p class=\"wp-block-paragraph\">Sus conductores aplican t\u00e9cnicas de \u201cconducci\u00f3n ecol\u00f3gica\u201d y la velocidad m\u00e1xima de sus camiones est\u00e1 limitada a 66 mph. Esto no solo reduce el consumo de combustible y las emisiones de carbono, sino que tambi\u00e9n mejora la seguridad en las autopistas. Aprovechar al m\u00e1ximo la capacidad de carga de los remolques permite aumentar la cantidad de mercanc\u00eda transportada por gal\u00f3n, al tiempo que se reducen los costes de refrigeraci\u00f3n.<\/p>\n\n\n\n<p class=\"wp-block-paragraph\">Utilizan la inteligencia artificial para planificar las rutas con el fin de reducir el kilometraje y evitar retrasos innecesarios por el tr\u00e1fico. Cada a\u00f1o miden las millas por gal\u00f3n y pueden constatar un ahorro significativo de combustible, lo que se traduce en una reducci\u00f3n de las emisiones.<\/p>\n\n\n\n<p class=\"wp-block-paragraph\">En 2024, obtuvieron la calificaci\u00f3n de sostenibilidad \u201cCommitment Badge\u201d de Ecovadis. Ecovadis est\u00e1 reconocida como el est\u00e1ndar mundial para las cadenas de suministro resilientes y sostenibles.<\/p>\n\n\n\n<p class=\"wp-block-paragraph\">Armellini Logistics sigue apostando por el futuro de la \u201clog\u00edstica sostenible\u201d.<\/p>\n\n\n\n\n<p class=\"nmc-block--buttons aligncenter  buttons   aligncenter\" id=\"block_02b98d33034fd861f1a5a1fe907cd495\">\n\t\t\t<a href=\"https:\/\/www.armellini.com\" class=\"btn\" target=\"_blank\">M\u00e1s informaci\u00f3n sobre Armellini Logistics<\/a>\t<\/p>\n\n\n<hr class=\"wp-block-separator has-alpha-channel-opacity\"\/>\n\n\n<div class=\"wp-block-image\">\n<figure class=\"aligncenter size-large is-resized\"><img loading=\"lazy\" decoding=\"async\" width=\"1024\" height=\"528\" src=\"https:\/\/sustainabloom.org\/wp-content\/uploads\/2024\/04\/Sustainabloom_proud-supporter-logo-1024x528.jpg\" alt=\"\" class=\"wp-image-2128\" style=\"width:342px;height:auto\" srcset=\"https:\/\/sustainabloom.org\/wp-content\/uploads\/2024\/04\/Sustainabloom_proud-supporter-logo-1024x528.jpg 1024w, https:\/\/sustainabloom.org\/wp-content\/uploads\/2024\/04\/Sustainabloom_proud-supporter-logo-300x155.jpg 300w, https:\/\/sustainabloom.org\/wp-content\/uploads\/2024\/04\/Sustainabloom_proud-supporter-logo-768x396.jpg 768w, https:\/\/sustainabloom.org\/wp-content\/uploads\/2024\/04\/Sustainabloom_proud-supporter-logo-1536x791.jpg 1536w, https:\/\/sustainabloom.org\/wp-content\/uploads\/2024\/04\/Sustainabloom_proud-supporter-logo-2048x1055.jpg 2048w\" sizes=\"auto, (max-width: 1024px) 100vw, 1024px\" \/><\/figure>\n<\/div>\n\n\n<p class=\"has-text-align-center wp-block-paragraph\"><strong>Armellini Logistics se enorgullece de apoyar a Sustainabloom.<\/strong><\/p>\n\n\n\n<p class=\"wp-block-paragraph\"><\/p>","protected":false},"template":"","news-categories":[17,43,20,26,54,15],"class_list":["post-3310","news","type-news","status-publish","hentry","news-categories-energy-use","news-categories-industry-spotlight","news-categories-light-to-sustainability","news-categories-news","news-categories-transportation","news-categories-water"],"acf":[],"yoast_head":"<!-- This site is optimized with the Yoast SEO plugin v28.4 - https:\/\/yoast.com\/product\/yoast-seo-wordpress\/ -->\n<title>&quot;Clean Driven Logistics&quot; at Armellini Logistics - Sustainabloom<\/title>\n<meta name=\"description\" content=\"Armellini Logistics is proud to be celebrating their 80th Anniversary this year. Although they have enjoyed a rich history, they are always planning ahead and sustainability is part of their plan.\" \/>\n<meta name=\"robots\" content=\"index, follow, max-snippet:-1, max-image-preview:large, max-video-preview:-1\" \/>\n<link rel=\"canonical\" href=\"https:\/\/sustainabloom.org\/es\/noticias\/logistica-limpia-y-eficiente-en-armellini-logistics\/\" \/>\n<meta property=\"og:locale\" content=\"es_ES\" \/>\n<meta property=\"og:type\" content=\"article\" \/>\n<meta property=\"og:title\" content=\"&quot;Clean Driven Logistics&quot; at Armellini Logistics - Sustainabloom\" \/>\n<meta property=\"og:description\" content=\"Armellini Logistics is proud to be celebrating their 80th Anniversary this year. Although they have enjoyed a rich history, they are always planning ahead and sustainability is part of their plan.\" \/>\n<meta property=\"og:url\" content=\"https:\/\/sustainabloom.org\/es\/noticias\/logistica-limpia-y-eficiente-en-armellini-logistics\/\" \/>\n<meta property=\"og:site_name\" content=\"Sustainabloom\" \/>\n<meta property=\"article:modified_time\" content=\"2025-11-04T19:45:10+00:00\" \/>\n<meta property=\"og:image\" content=\"https:\/\/sustainabloom.org\/wp-content\/uploads\/2025\/06\/2025-truck-and-trailer_8879-scaled.jpg\" \/>\n\t<meta property=\"og:image:width\" content=\"2560\" \/>\n\t<meta property=\"og:image:height\" content=\"1323\" \/>\n\t<meta property=\"og:image:type\" content=\"image\/jpeg\" \/>\n<meta name=\"twitter:card\" content=\"summary_large_image\" \/>\n<meta name=\"twitter:label1\" content=\"Est. reading time\" \/>\n\t<meta name=\"twitter:data1\" content=\"3 minutes\" \/>\n<script type=\"application\/ld+json\" class=\"yoast-schema-graph\">{\"@context\":\"https:\\\/\\\/schema.org\",\"@graph\":[{\"@type\":\"WebPage\",\"@id\":\"https:\\\/\\\/sustainabloom.org\\\/news\\\/clean-driven-logistics-at-armellini-logistics\\\/\",\"url\":\"https:\\\/\\\/sustainabloom.org\\\/news\\\/clean-driven-logistics-at-armellini-logistics\\\/\",\"name\":\"\\\"Clean Driven Logistics\\\" at Armellini Logistics - Sustainabloom\",\"isPartOf\":{\"@id\":\"https:\\\/\\\/sustainabloom.org\\\/#website\"},\"primaryImageOfPage\":{\"@id\":\"https:\\\/\\\/sustainabloom.org\\\/news\\\/clean-driven-logistics-at-armellini-logistics\\\/#primaryimage\"},\"image\":{\"@id\":\"https:\\\/\\\/sustainabloom.org\\\/news\\\/clean-driven-logistics-at-armellini-logistics\\\/#primaryimage\"},\"thumbnailUrl\":\"https:\\\/\\\/sustainabloom.org\\\/wp-content\\\/uploads\\\/2025\\\/06\\\/2025-truck-and-trailer_8879-1024x529.jpg\",\"datePublished\":\"2025-06-05T14:54:02+00:00\",\"dateModified\":\"2025-11-04T19:45:10+00:00\",\"description\":\"Armellini Logistics is proud to be celebrating their 80th Anniversary this year. Although they have enjoyed a rich history, they are always planning ahead and sustainability is part of their plan.\",\"breadcrumb\":{\"@id\":\"https:\\\/\\\/sustainabloom.org\\\/news\\\/clean-driven-logistics-at-armellini-logistics\\\/#breadcrumb\"},\"inLanguage\":\"es-ES\",\"potentialAction\":[{\"@type\":\"ReadAction\",\"target\":[\"https:\\\/\\\/sustainabloom.org\\\/news\\\/clean-driven-logistics-at-armellini-logistics\\\/\"]}]},{\"@type\":\"ImageObject\",\"inLanguage\":\"es-ES\",\"@id\":\"https:\\\/\\\/sustainabloom.org\\\/news\\\/clean-driven-logistics-at-armellini-logistics\\\/#primaryimage\",\"url\":\"https:\\\/\\\/sustainabloom.org\\\/wp-content\\\/uploads\\\/2025\\\/06\\\/2025-truck-and-trailer_8879-1024x529.jpg\",\"contentUrl\":\"https:\\\/\\\/sustainabloom.org\\\/wp-content\\\/uploads\\\/2025\\\/06\\\/2025-truck-and-trailer_8879-1024x529.jpg\"},{\"@type\":\"BreadcrumbList\",\"@id\":\"https:\\\/\\\/sustainabloom.org\\\/news\\\/clean-driven-logistics-at-armellini-logistics\\\/#breadcrumb\",\"itemListElement\":[{\"@type\":\"ListItem\",\"position\":1,\"name\":\"Home\",\"item\":\"https:\\\/\\\/sustainabloom.org\\\/\"},{\"@type\":\"ListItem\",\"position\":2,\"name\":\"&#8220;Clean Driven Logistics&#8221; at Armellini Logistics\"}]},{\"@type\":\"WebSite\",\"@id\":\"https:\\\/\\\/sustainabloom.org\\\/#website\",\"url\":\"https:\\\/\\\/sustainabloom.org\\\/\",\"name\":\"Sustainabloom\",\"description\":\"\",\"potentialAction\":[{\"@type\":\"SearchAction\",\"target\":{\"@type\":\"EntryPoint\",\"urlTemplate\":\"https:\\\/\\\/sustainabloom.org\\\/?s={search_term_string}\"},\"query-input\":{\"@type\":\"PropertyValueSpecification\",\"valueRequired\":true,\"valueName\":\"search_term_string\"}}],\"inLanguage\":\"es-ES\"}]}<\/script>\n<!-- \/ Yoast SEO plugin. -->","yoast_head_json":{"title":"\"Clean Driven Logistics\" at Armellini Logistics - Sustainabloom","description":"Armellini Logistics is proud to be celebrating their 80th Anniversary this year. Although they have enjoyed a rich history, they are always planning ahead and sustainability is part of their plan.","robots":{"index":"index","follow":"follow","max-snippet":"max-snippet:-1","max-image-preview":"max-image-preview:large","max-video-preview":"max-video-preview:-1"},"canonical":"https:\/\/sustainabloom.org\/es\/noticias\/logistica-limpia-y-eficiente-en-armellini-logistics\/","og_locale":"es_ES","og_type":"article","og_title":"\"Clean Driven Logistics\" at Armellini Logistics - Sustainabloom","og_description":"Armellini Logistics is proud to be celebrating their 80th Anniversary this year. Although they have enjoyed a rich history, they are always planning ahead and sustainability is part of their plan.","og_url":"https:\/\/sustainabloom.org\/es\/noticias\/logistica-limpia-y-eficiente-en-armellini-logistics\/","og_site_name":"Sustainabloom","article_modified_time":"2025-11-04T19:45:10+00:00","og_image":[{"width":2560,"height":1323,"url":"https:\/\/sustainabloom.org\/wp-content\/uploads\/2025\/06\/2025-truck-and-trailer_8879-scaled.jpg","type":"image\/jpeg"}],"twitter_card":"summary_large_image","twitter_misc":{"Est. reading time":"3 minutes"},"schema":{"@context":"https:\/\/schema.org","@graph":[{"@type":"WebPage","@id":"https:\/\/sustainabloom.org\/news\/clean-driven-logistics-at-armellini-logistics\/","url":"https:\/\/sustainabloom.org\/news\/clean-driven-logistics-at-armellini-logistics\/","name":"\"Clean Driven Logistics\" at Armellini Logistics - Sustainabloom","isPartOf":{"@id":"https:\/\/sustainabloom.org\/#website"},"primaryImageOfPage":{"@id":"https:\/\/sustainabloom.org\/news\/clean-driven-logistics-at-armellini-logistics\/#primaryimage"},"image":{"@id":"https:\/\/sustainabloom.org\/news\/clean-driven-logistics-at-armellini-logistics\/#primaryimage"},"thumbnailUrl":"https:\/\/sustainabloom.org\/wp-content\/uploads\/2025\/06\/2025-truck-and-trailer_8879-1024x529.jpg","datePublished":"2025-06-05T14:54:02+00:00","dateModified":"2025-11-04T19:45:10+00:00","description":"Armellini Logistics is proud to be celebrating their 80th Anniversary this year. Although they have enjoyed a rich history, they are always planning ahead and sustainability is part of their plan.","breadcrumb":{"@id":"https:\/\/sustainabloom.org\/news\/clean-driven-logistics-at-armellini-logistics\/#breadcrumb"},"inLanguage":"es-ES","potentialAction":[{"@type":"ReadAction","target":["https:\/\/sustainabloom.org\/news\/clean-driven-logistics-at-armellini-logistics\/"]}]},{"@type":"ImageObject","inLanguage":"es-ES","@id":"https:\/\/sustainabloom.org\/news\/clean-driven-logistics-at-armellini-logistics\/#primaryimage","url":"https:\/\/sustainabloom.org\/wp-content\/uploads\/2025\/06\/2025-truck-and-trailer_8879-1024x529.jpg","contentUrl":"https:\/\/sustainabloom.org\/wp-content\/uploads\/2025\/06\/2025-truck-and-trailer_8879-1024x529.jpg"},{"@type":"BreadcrumbList","@id":"https:\/\/sustainabloom.org\/news\/clean-driven-logistics-at-armellini-logistics\/#breadcrumb","itemListElement":[{"@type":"ListItem","position":1,"name":"Home","item":"https:\/\/sustainabloom.org\/"},{"@type":"ListItem","position":2,"name":"&#8220;Clean Driven Logistics&#8221; at Armellini Logistics"}]},{"@type":"WebSite","@id":"https:\/\/sustainabloom.org\/#website","url":"https:\/\/sustainabloom.org\/","name":"Sustainabloom","description":"","potentialAction":[{"@type":"SearchAction","target":{"@type":"EntryPoint","urlTemplate":"https:\/\/sustainabloom.org\/?s={search_term_string}"},"query-input":{"@type":"PropertyValueSpecification","valueRequired":true,"valueName":"search_term_string"}}],"inLanguage":"es-ES"}]}},"_links":{"self":[{"href":"https:\/\/sustainabloom.org\/es\/wp-json\/wp\/v2\/news\/3310","targetHints":{"allow":["GET"]}}],"collection":[{"href":"https:\/\/sustainabloom.org\/es\/wp-json\/wp\/v2\/news"}],"about":[{"href":"https:\/\/sustainabloom.org\/es\/wp-json\/wp\/v2\/types\/news"}],"version-history":[{"count":4,"href":"https:\/\/sustainabloom.org\/es\/wp-json\/wp\/v2\/news\/3310\/revisions"}],"predecessor-version":[{"id":3331,"href":"https:\/\/sustainabloom.org\/es\/wp-json\/wp\/v2\/news\/3310\/revisions\/3331"}],"wp:attachment":[{"href":"https:\/\/sustainabloom.org\/es\/wp-json\/wp\/v2\/media?parent=3310"}],"wp:term":[{"taxonomy":"news-categories","embeddable":true,"href":"https:\/\/sustainabloom.org\/es\/wp-json\/wp\/v2\/news-categories?post=3310"}],"curies":[{"name":"wp","href":"https:\/\/api.w.org\/{rel}","templated":true}]}}