{"id":3572,"date":"2025-12-10T20:08:42","date_gmt":"2025-12-10T20:08:42","guid":{"rendered":"https:\/\/sustainabloom.org\/?post_type=news&#038;p=3572"},"modified":"2026-01-09T16:37:40","modified_gmt":"2026-01-09T16:37:40","slug":"amanda-solliday-nombrada-directora-senior-de-sustainabloom","status":"publish","type":"news","link":"https:\/\/sustainabloom.org\/es\/news\/amanda-solliday-named-senior-manager-sustainabloom","title":{"rendered":"Amanda Solliday, nombrada directora s\u00e9nior de Sustainabloom"},"content":{"rendered":"<p class=\"wp-block-paragraph\">Amanda Solliday se incorporar\u00e1 oficialmente al <strong>Fundaci\u00f3n Floral Americana (AFE) <\/strong>equipo como director s\u00e9nior de <strong>Sustainabloom<\/strong> en enero de 2026.&nbsp;<\/p>\n\n\n<div class=\"wp-block-image\">\n<figure class=\"alignright size-large is-resized\"><img loading=\"lazy\" decoding=\"async\" width=\"683\" height=\"1024\" src=\"https:\/\/sustainabloom.org\/wp-content\/uploads\/2025\/12\/Amanda-Solliday-web-683x1024.jpg\" alt=\"\" class=\"wp-image-3573\" style=\"aspect-ratio:0.6670095557781327;width:260px;height:auto\" srcset=\"https:\/\/sustainabloom.org\/wp-content\/uploads\/2025\/12\/Amanda-Solliday-web-683x1024.jpg 683w, https:\/\/sustainabloom.org\/wp-content\/uploads\/2025\/12\/Amanda-Solliday-web-200x300.jpg 200w, https:\/\/sustainabloom.org\/wp-content\/uploads\/2025\/12\/Amanda-Solliday-web-768x1151.jpg 768w, https:\/\/sustainabloom.org\/wp-content\/uploads\/2025\/12\/Amanda-Solliday-web-1025x1536.jpg 1025w, https:\/\/sustainabloom.org\/wp-content\/uploads\/2025\/12\/Amanda-Solliday-web-1367x2048.jpg 1367w, https:\/\/sustainabloom.org\/wp-content\/uploads\/2025\/12\/Amanda-Solliday-web-540x809.jpg 540w, https:\/\/sustainabloom.org\/wp-content\/uploads\/2025\/12\/Amanda-Solliday-web-900x1349.jpg 900w, https:\/\/sustainabloom.org\/wp-content\/uploads\/2025\/12\/Amanda-Solliday-web-1440x2158.jpg 1440w, https:\/\/sustainabloom.org\/wp-content\/uploads\/2025\/12\/Amanda-Solliday-web-scaled.jpg 1709w\" sizes=\"auto, (max-width: 683px) 100vw, 683px\" \/><\/figure>\n<\/div>\n\n\n<p class=\"wp-block-paragraph\">Amanda, doctoranda de la Universidad Estatal de Carolina del Norte, ha colaborado con el programa \u00abSustainabloom\u00bb de la AFE como miembro del equipo de investigaci\u00f3n que trabaja con los doctores Melinda Knuth y Brian Jackson. A trav\u00e9s de este trabajo colaborativo, ha contribuido a dar forma y a impulsar la visi\u00f3n de la AFE de crear el programa de formaci\u00f3n y recursos sobre sostenibilidad m\u00e1s fiable del sector de la floricultura. <\/p>\n\n\n\n<p class=\"wp-block-paragraph\"><strong>\u201cMe encanta tomar lo que hacemos como investigadores y hacerlo accesible para todo el mundo\u201d,\u201d<\/strong> dijo, se\u00f1alando que, cuando oy\u00f3 hablar por primera vez de la idea de Sustainabloom, el programa le pareci\u00f3 inmediatamente atractivo como forma de impulsar un cambio significativo a largo plazo. Aunque solo era una propuesta, ya pod\u00eda apreciar el enorme compromiso que los miembros del sector ten\u00edan con la sostenibilidad. \u201cNo era solo una idea genial, sino que part\u00eda del propio sector. La gente realmente quer\u00eda que esta informaci\u00f3n contribuyera a un progreso sostenible. Eso marca la diferencia\u201d.\u201d<\/p>\n\n\n\n<p class=\"wp-block-paragraph\">Amanda, que actualmente est\u00e1 terminando su doctorado en ciencias hort\u00edcolas, admite que, al principio de su carrera acad\u00e9mica, la floricultura no formaba parte de sus planes. Fue durante su trabajo de doctorado cuando, seg\u00fan ella misma describe, descubri\u00f3 que este campo le hac\u00eda sentir como si hubiera \u201cvuelto a casa\u201d. Habiendo crecido en una granja, se sent\u00eda especialmente atra\u00edda por el mundo natural y decidi\u00f3 especializarse en biolog\u00eda y estudios medioambientales para su grado en la Universidad Wesleyana de Illinois. Cuando sus estudios la llevaron a la Universidad de Cornell para cursar el m\u00e1ster, Amanda descubri\u00f3 su inter\u00e9s por el periodismo cient\u00edfico. Comenz\u00f3 su carrera como bi\u00f3loga en la Agencia de Protecci\u00f3n Medioambiental y, m\u00e1s tarde, asumi\u00f3 funciones de comunicaci\u00f3n cient\u00edfica en el sistema de laboratorios nacionales.<\/p>\n\n\n<div class=\"wp-block-image\">\n<figure class=\"alignleft size-large\"><img loading=\"lazy\" decoding=\"async\" width=\"1024\" height=\"683\" src=\"https:\/\/sustainabloom.org\/wp-content\/uploads\/2025\/12\/RedWhite-1024x683.jpg\" alt=\"\" class=\"wp-image-3574\" srcset=\"https:\/\/sustainabloom.org\/wp-content\/uploads\/2025\/12\/RedWhite-1024x683.jpg 1024w, https:\/\/sustainabloom.org\/wp-content\/uploads\/2025\/12\/RedWhite-300x200.jpg 300w, https:\/\/sustainabloom.org\/wp-content\/uploads\/2025\/12\/RedWhite-768x512.jpg 768w, https:\/\/sustainabloom.org\/wp-content\/uploads\/2025\/12\/RedWhite-1536x1024.jpg 1536w, https:\/\/sustainabloom.org\/wp-content\/uploads\/2025\/12\/RedWhite-540x360.jpg 540w, https:\/\/sustainabloom.org\/wp-content\/uploads\/2025\/12\/RedWhite-900x600.jpg 900w, https:\/\/sustainabloom.org\/wp-content\/uploads\/2025\/12\/RedWhite-1440x960.jpg 1440w, https:\/\/sustainabloom.org\/wp-content\/uploads\/2025\/12\/RedWhite.jpg 1800w\" sizes=\"auto, (max-width: 1024px) 100vw, 1024px\" \/><figcaption class=\"wp-element-caption\">Cr\u00e9ditos fotogr\u00e1ficos: Becky Kirkland, NCSU<\/figcaption><\/figure>\n<\/div>\n\n\n<p class=\"wp-block-paragraph\">La trayectoria de Amanda, que ahora cuenta con amplios conocimientos cient\u00edficos, ra\u00edces agr\u00edcolas y experiencia en comunicaci\u00f3n, le ha permitido afianzar su pasi\u00f3n por hacer que la investigaci\u00f3n resulte relevante y accesible para un p\u00fablico m\u00e1s amplio.&nbsp;<\/p>\n\n\n\n<p class=\"wp-block-paragraph\">En su nuevo cargo, Amanda ampliar\u00e1 los recursos educativos de Sustainabloom, entre los que se incluyen gu\u00edas, seminarios web, plantillas y casos pr\u00e1cticos. Su deseo para el futuro de Sustainabloom es que se convierta en un recurso con el que todos los miembros del sector interact\u00faen de forma significativa. Trabajar\u00e1 con los miembros del sector para implementar estos recursos en favor de la sostenibilidad, adem\u00e1s de gestionar las actividades y la recaudaci\u00f3n de fondos del programa. Tambi\u00e9n tiene la intenci\u00f3n de perfeccionar las \u00e1reas de inter\u00e9s del programa y reforzar las alianzas globales.&nbsp;<\/p>\n\n\n\n<p class=\"wp-block-paragraph\">\u201cEs fundamental mantener la flexibilidad y que la informaci\u00f3n est\u00e9 siempre actualizada\u201d, afirm\u00f3. \u201cLa sostenibilidad es una marat\u00f3n, no un sprint. Mi objetivo es que sigamos ganando impulso, a\u00f1o tras a\u00f1o\u201d.\u201d<\/p>\n\n\n\n<p class=\"wp-block-paragraph\">Adem\u00e1s, a Amanda le gustar\u00eda liderar la iniciativa de desarrollar indicadores que permitan hacer un seguimiento de los avances en todo el sector. Y lo m\u00e1s importante, afirm\u00f3 que su compromiso principal ser\u00e1 centrarse especialmente en actualizar los materiales y recursos que ofrece Sustainabloom, para que sigan siendo siempre pertinentes y est\u00e9n al d\u00eda en un \u00e1mbito en r\u00e1pida evoluci\u00f3n.&nbsp;<\/p>\n\n\n\n<p class=\"wp-block-paragraph\"><strong>\u201cAmanda ha desempe\u00f1ado un papel fundamental en el desarrollo de Sustainabloom, y estamos encantados de darle la bienvenida a un puesto directivo a tiempo completo\u201d,\u201d<\/strong> dijo Debi Chedester, directora ejecutiva de la AFE. <strong>\u201cA medida que avanzamos hacia la siguiente fase de puesta en marcha, la divulgaci\u00f3n m\u00e1s amplia en el sector y el intercambio de testimonios sobre el impacto, su experiencia nos ayudar\u00e1 a ampliar los recursos del programa y a profundizar en su impacto\u201d.\u201d<\/strong><\/p>\n\n\n\n<p class=\"wp-block-paragraph\">Amanda ha afirmado que est\u00e1 deseando colaborar m\u00e1s estrechamente con los socios del sector a medida que Sustainabloom vaya creciendo. Espera ampliar la investigaci\u00f3n, desarrollar nuevos recursos y reforzar la participaci\u00f3n a lo largo de toda la cadena de suministro.<\/p>\n\n\n<div\n\tid=\"block_44b2099d37b58d8b432bde6455828579\"\n\tclass=\"nmc-block nmc-block--divider alignfull  divider   alignfull\">\n\t\n  <div class=\"bound boundcontent\">\n    <div class=\"divider -default\"><\/div>\n  <\/div>\n\n<\/div>\n\n\n\n<p class=\"wp-block-paragraph\"><em>Por Carla Dempsey<\/em><\/p>","protected":false},"template":"","news-categories":[26],"class_list":["post-3572","news","type-news","status-publish","hentry","news-categories-news"],"acf":[],"yoast_head":"<!-- This site is optimized with the Yoast SEO plugin v28.4 - https:\/\/yoast.com\/product\/yoast-seo-wordpress\/ -->\n<title>Amanda Solliday Named Senior Manager, Sustainabloom - Sustainabloom<\/title>\n<meta name=\"description\" content=\"Amanda Solliday will officially join the American Floral Endowment (AFE) team as the Senior Manager of Sustainabloom in January 2026.\u00a0\" \/>\n<meta name=\"robots\" content=\"index, follow, max-snippet:-1, max-image-preview:large, max-video-preview:-1\" \/>\n<link rel=\"canonical\" href=\"https:\/\/sustainabloom.org\/es\/noticias\/amanda-solliday-nombrada-directora-senior-de-sustainabloom\/\" \/>\n<meta property=\"og:locale\" content=\"es_ES\" \/>\n<meta property=\"og:type\" content=\"article\" \/>\n<meta property=\"og:title\" content=\"Amanda Solliday Named Senior Manager, Sustainabloom - Sustainabloom\" \/>\n<meta property=\"og:description\" content=\"Amanda Solliday will officially join the American Floral Endowment (AFE) team as the Senior Manager of Sustainabloom in January 2026.\u00a0\" \/>\n<meta property=\"og:url\" content=\"https:\/\/sustainabloom.org\/es\/noticias\/amanda-solliday-nombrada-directora-senior-de-sustainabloom\/\" \/>\n<meta property=\"og:site_name\" content=\"Sustainabloom\" \/>\n<meta property=\"article:modified_time\" content=\"2026-01-09T16:37:40+00:00\" \/>\n<meta property=\"og:image\" content=\"https:\/\/sustainabloom.org\/wp-content\/uploads\/2025\/12\/Amanda-Solliday-web-scaled.jpg\" \/>\n\t<meta property=\"og:image:width\" content=\"1709\" \/>\n\t<meta property=\"og:image:height\" content=\"2560\" \/>\n\t<meta property=\"og:image:type\" content=\"image\/jpeg\" \/>\n<meta name=\"twitter:card\" content=\"summary_large_image\" \/>\n<meta name=\"twitter:label1\" content=\"Est. reading time\" \/>\n\t<meta name=\"twitter:data1\" content=\"3 minutes\" \/>\n<script type=\"application\/ld+json\" class=\"yoast-schema-graph\">{\"@context\":\"https:\\\/\\\/schema.org\",\"@graph\":[{\"@type\":\"WebPage\",\"@id\":\"https:\\\/\\\/sustainabloom.org\\\/news\\\/amanda-solliday-named-senior-manager-sustainabloom\\\/\",\"url\":\"https:\\\/\\\/sustainabloom.org\\\/news\\\/amanda-solliday-named-senior-manager-sustainabloom\\\/\",\"name\":\"Amanda Solliday Named Senior Manager, Sustainabloom - Sustainabloom\",\"isPartOf\":{\"@id\":\"https:\\\/\\\/sustainabloom.org\\\/#website\"},\"primaryImageOfPage\":{\"@id\":\"https:\\\/\\\/sustainabloom.org\\\/news\\\/amanda-solliday-named-senior-manager-sustainabloom\\\/#primaryimage\"},\"image\":{\"@id\":\"https:\\\/\\\/sustainabloom.org\\\/news\\\/amanda-solliday-named-senior-manager-sustainabloom\\\/#primaryimage\"},\"thumbnailUrl\":\"https:\\\/\\\/sustainabloom.org\\\/wp-content\\\/uploads\\\/2025\\\/12\\\/Amanda-Solliday-web-683x1024.jpg\",\"datePublished\":\"2025-12-10T20:08:42+00:00\",\"dateModified\":\"2026-01-09T16:37:40+00:00\",\"description\":\"Amanda Solliday will officially join the American Floral Endowment (AFE) team as the Senior Manager of Sustainabloom in January 2026.\u00a0\",\"breadcrumb\":{\"@id\":\"https:\\\/\\\/sustainabloom.org\\\/news\\\/amanda-solliday-named-senior-manager-sustainabloom\\\/#breadcrumb\"},\"inLanguage\":\"es-ES\",\"potentialAction\":[{\"@type\":\"ReadAction\",\"target\":[\"https:\\\/\\\/sustainabloom.org\\\/news\\\/amanda-solliday-named-senior-manager-sustainabloom\\\/\"]}]},{\"@type\":\"ImageObject\",\"inLanguage\":\"es-ES\",\"@id\":\"https:\\\/\\\/sustainabloom.org\\\/news\\\/amanda-solliday-named-senior-manager-sustainabloom\\\/#primaryimage\",\"url\":\"https:\\\/\\\/sustainabloom.org\\\/wp-content\\\/uploads\\\/2025\\\/12\\\/Amanda-Solliday-web-683x1024.jpg\",\"contentUrl\":\"https:\\\/\\\/sustainabloom.org\\\/wp-content\\\/uploads\\\/2025\\\/12\\\/Amanda-Solliday-web-683x1024.jpg\"},{\"@type\":\"BreadcrumbList\",\"@id\":\"https:\\\/\\\/sustainabloom.org\\\/news\\\/amanda-solliday-named-senior-manager-sustainabloom\\\/#breadcrumb\",\"itemListElement\":[{\"@type\":\"ListItem\",\"position\":1,\"name\":\"Home\",\"item\":\"https:\\\/\\\/sustainabloom.org\\\/\"},{\"@type\":\"ListItem\",\"position\":2,\"name\":\"Amanda Solliday Named Senior Manager, Sustainabloom\"}]},{\"@type\":\"WebSite\",\"@id\":\"https:\\\/\\\/sustainabloom.org\\\/#website\",\"url\":\"https:\\\/\\\/sustainabloom.org\\\/\",\"name\":\"Sustainabloom\",\"description\":\"\",\"potentialAction\":[{\"@type\":\"SearchAction\",\"target\":{\"@type\":\"EntryPoint\",\"urlTemplate\":\"https:\\\/\\\/sustainabloom.org\\\/?s={search_term_string}\"},\"query-input\":{\"@type\":\"PropertyValueSpecification\",\"valueRequired\":true,\"valueName\":\"search_term_string\"}}],\"inLanguage\":\"es-ES\"}]}<\/script>\n<!-- \/ Yoast SEO plugin. -->","yoast_head_json":{"title":"Amanda Solliday Named Senior Manager, Sustainabloom - Sustainabloom","description":"Amanda Solliday will officially join the American Floral Endowment (AFE) team as the Senior Manager of Sustainabloom in January 2026.\u00a0","robots":{"index":"index","follow":"follow","max-snippet":"max-snippet:-1","max-image-preview":"max-image-preview:large","max-video-preview":"max-video-preview:-1"},"canonical":"https:\/\/sustainabloom.org\/es\/noticias\/amanda-solliday-nombrada-directora-senior-de-sustainabloom\/","og_locale":"es_ES","og_type":"article","og_title":"Amanda Solliday Named Senior Manager, Sustainabloom - Sustainabloom","og_description":"Amanda Solliday will officially join the American Floral Endowment (AFE) team as the Senior Manager of Sustainabloom in January 2026.\u00a0","og_url":"https:\/\/sustainabloom.org\/es\/noticias\/amanda-solliday-nombrada-directora-senior-de-sustainabloom\/","og_site_name":"Sustainabloom","article_modified_time":"2026-01-09T16:37:40+00:00","og_image":[{"width":1709,"height":2560,"url":"https:\/\/sustainabloom.org\/wp-content\/uploads\/2025\/12\/Amanda-Solliday-web-scaled.jpg","type":"image\/jpeg"}],"twitter_card":"summary_large_image","twitter_misc":{"Est. reading time":"3 minutes"},"schema":{"@context":"https:\/\/schema.org","@graph":[{"@type":"WebPage","@id":"https:\/\/sustainabloom.org\/news\/amanda-solliday-named-senior-manager-sustainabloom\/","url":"https:\/\/sustainabloom.org\/news\/amanda-solliday-named-senior-manager-sustainabloom\/","name":"Amanda Solliday Named Senior Manager, Sustainabloom - Sustainabloom","isPartOf":{"@id":"https:\/\/sustainabloom.org\/#website"},"primaryImageOfPage":{"@id":"https:\/\/sustainabloom.org\/news\/amanda-solliday-named-senior-manager-sustainabloom\/#primaryimage"},"image":{"@id":"https:\/\/sustainabloom.org\/news\/amanda-solliday-named-senior-manager-sustainabloom\/#primaryimage"},"thumbnailUrl":"https:\/\/sustainabloom.org\/wp-content\/uploads\/2025\/12\/Amanda-Solliday-web-683x1024.jpg","datePublished":"2025-12-10T20:08:42+00:00","dateModified":"2026-01-09T16:37:40+00:00","description":"Amanda Solliday will officially join the American Floral Endowment (AFE) team as the Senior Manager of Sustainabloom in January 2026.\u00a0","breadcrumb":{"@id":"https:\/\/sustainabloom.org\/news\/amanda-solliday-named-senior-manager-sustainabloom\/#breadcrumb"},"inLanguage":"es-ES","potentialAction":[{"@type":"ReadAction","target":["https:\/\/sustainabloom.org\/news\/amanda-solliday-named-senior-manager-sustainabloom\/"]}]},{"@type":"ImageObject","inLanguage":"es-ES","@id":"https:\/\/sustainabloom.org\/news\/amanda-solliday-named-senior-manager-sustainabloom\/#primaryimage","url":"https:\/\/sustainabloom.org\/wp-content\/uploads\/2025\/12\/Amanda-Solliday-web-683x1024.jpg","contentUrl":"https:\/\/sustainabloom.org\/wp-content\/uploads\/2025\/12\/Amanda-Solliday-web-683x1024.jpg"},{"@type":"BreadcrumbList","@id":"https:\/\/sustainabloom.org\/news\/amanda-solliday-named-senior-manager-sustainabloom\/#breadcrumb","itemListElement":[{"@type":"ListItem","position":1,"name":"Home","item":"https:\/\/sustainabloom.org\/"},{"@type":"ListItem","position":2,"name":"Amanda Solliday Named Senior Manager, Sustainabloom"}]},{"@type":"WebSite","@id":"https:\/\/sustainabloom.org\/#website","url":"https:\/\/sustainabloom.org\/","name":"Sustainabloom","description":"","potentialAction":[{"@type":"SearchAction","target":{"@type":"EntryPoint","urlTemplate":"https:\/\/sustainabloom.org\/?s={search_term_string}"},"query-input":{"@type":"PropertyValueSpecification","valueRequired":true,"valueName":"search_term_string"}}],"inLanguage":"es-ES"}]}},"_links":{"self":[{"href":"https:\/\/sustainabloom.org\/es\/wp-json\/wp\/v2\/news\/3572","targetHints":{"allow":["GET"]}}],"collection":[{"href":"https:\/\/sustainabloom.org\/es\/wp-json\/wp\/v2\/news"}],"about":[{"href":"https:\/\/sustainabloom.org\/es\/wp-json\/wp\/v2\/types\/news"}],"version-history":[{"count":5,"href":"https:\/\/sustainabloom.org\/es\/wp-json\/wp\/v2\/news\/3572\/revisions"}],"predecessor-version":[{"id":3586,"href":"https:\/\/sustainabloom.org\/es\/wp-json\/wp\/v2\/news\/3572\/revisions\/3586"}],"wp:attachment":[{"href":"https:\/\/sustainabloom.org\/es\/wp-json\/wp\/v2\/media?parent=3572"}],"wp:term":[{"taxonomy":"news-categories","embeddable":true,"href":"https:\/\/sustainabloom.org\/es\/wp-json\/wp\/v2\/news-categories?post=3572"}],"curies":[{"name":"wp","href":"https:\/\/api.w.org\/{rel}","templated":true}]}}