{"id":3602,"date":"2026-01-28T14:44:20","date_gmt":"2026-01-28T14:44:20","guid":{"rendered":"https:\/\/sustainabloom.org\/?post_type=news&#038;p=3602"},"modified":"2026-01-28T17:12:43","modified_gmt":"2026-01-28T17:12:43","slug":"un-mensaje-de-bienvenida-del-nuevo-director-general-de-sustainabloom","status":"publish","type":"news","link":"https:\/\/sustainabloom.org\/es\/news\/a-welcome-message-from-the-new-sustainabloom-senior-manager","title":{"rendered":"Mensaje de bienvenida del nuevo director de Sustainabloom"},"content":{"rendered":"<p class=\"wp-block-paragraph\">Hola, estoy encantada de incorporarme al equipo de American Floral Endowment como directora s\u00e9nior del programa Sustainabloom. <\/p>\n\n\n<div class=\"wp-block-image\">\n<figure class=\"alignright size-large is-resized\"><img loading=\"lazy\" decoding=\"async\" width=\"1024\" height=\"683\" src=\"https:\/\/sustainabloom.org\/wp-content\/uploads\/2025\/12\/RedWhite-1024x683.jpg\" alt=\"\" class=\"wp-image-3574\" style=\"aspect-ratio:1.499330655957162;width:344px;height:auto\" srcset=\"https:\/\/sustainabloom.org\/wp-content\/uploads\/2025\/12\/RedWhite-1024x683.jpg 1024w, https:\/\/sustainabloom.org\/wp-content\/uploads\/2025\/12\/RedWhite-300x200.jpg 300w, https:\/\/sustainabloom.org\/wp-content\/uploads\/2025\/12\/RedWhite-768x512.jpg 768w, https:\/\/sustainabloom.org\/wp-content\/uploads\/2025\/12\/RedWhite-1536x1024.jpg 1536w, https:\/\/sustainabloom.org\/wp-content\/uploads\/2025\/12\/RedWhite-540x360.jpg 540w, https:\/\/sustainabloom.org\/wp-content\/uploads\/2025\/12\/RedWhite-900x600.jpg 900w, https:\/\/sustainabloom.org\/wp-content\/uploads\/2025\/12\/RedWhite-1440x960.jpg 1440w, https:\/\/sustainabloom.org\/wp-content\/uploads\/2025\/12\/RedWhite.jpg 1800w\" sizes=\"auto, (max-width: 1024px) 100vw, 1024px\" \/><\/figure>\n<\/div>\n\n\n<p class=\"wp-block-paragraph\">Las empresas del sector floral tienen una gran oportunidad para responder al creciente inter\u00e9s de los consumidores por la sostenibilidad, ya que muchos clientes <a href=\"https:\/\/floralmarketingfund.org\/product\/sustainable-practices\/\" target=\"_blank\" rel=\"noreferrer noopener\"><strong>querer apoyar y pagar m\u00e1s por flores m\u00e1s sostenibles<\/strong><\/a>. Las pr\u00e1cticas sostenibles tambi\u00e9n pueden dar lugar a una mayor eficiencia operativa, a un ahorro de costes y a nuevas fuentes de ingresos, tal y como ha demostrado <strong><a href=\"https:\/\/sustainabloom.org\/es\/noticias\/logistica-limpia-y-eficiente-en-armellini-logistics\/\" target=\"_blank\" rel=\"noreferrer noopener\">Eficiencia en el consumo de combustible en Armellini<\/a>, <a href=\"https:\/\/sustainabloom.org\/es\/noticias\/compensaciones-de-carbono-en-continental-floral-greens\/\" target=\"_blank\" rel=\"noreferrer noopener\">cr\u00e9ditos de carbono en Continental Floral Greens<\/a><\/strong>, y <strong><a href=\"https:\/\/sustainabloom.org\/es\/noticias\/la-sostenibilidad-en-mayesh-floristeria-mayorista\/\" target=\"_blank\" rel=\"noreferrer noopener\">Alternativas al pl\u00e1stico en Mayesh<\/a>.&nbsp;<\/strong><\/p>\n\n\n\n<p class=\"wp-block-paragraph\">Este a\u00f1o, nuestro objetivo es apoyarte como socio en la implementaci\u00f3n de la sostenibilidad. Para ello, vamos a desarrollar una intensa labor de divulgaci\u00f3n y formaci\u00f3n, que incluir\u00e1 una serie peri\u00f3dica de seminarios web sobre temas como la presencia de la sostenibilidad en las operaciones diarias, formas creativas de crear una comunidad en torno a la sostenibilidad y c\u00f3mo comunicar de forma eficaz tu estrategia de sostenibilidad a los clientes.&nbsp;<\/p>\n\n\n\n<p class=\"wp-block-paragraph\">Adem\u00e1s, tendr\u00e9 la oportunidad de conocer a muchos de vosotros en persona en los pr\u00f3ximos eventos del sector que se celebrar\u00e1n en 2026. Buscadme en SAF Next Gen LIVE, la Conferencia sobre Distribuci\u00f3n Floral (WFFSA), la Conferencia Floral de la IFPA, el Simposio de la AIFD y Cultivate. \u00a1Saludadme si tambi\u00e9n vais a estar por all\u00ed!<\/p>\n\n\n\n<p class=\"wp-block-paragraph\">Este a\u00f1o tambi\u00e9n os ofreceremos nuevos recursos. Desde un <a href=\"https:\/\/sustainabloom.org\/es\/noticias\/una-encuesta-revela-el-impulso-del-sector-de-la-floricultura-hacia-la-sostenibilidad\/\" target=\"_blank\" rel=\"noreferrer noopener\"><strong>una encuesta reciente realizada en todo el sector<\/strong><\/a> Gracias a los estudios realizados a trav\u00e9s del programa Sustainabloom, sabemos que la planificaci\u00f3n formal en materia de sostenibilidad es una pr\u00e1ctica en auge en todos los segmentos de la floricultura. En respuesta a esta necesidad, hemos creado una herramienta gratuita <a href=\"https:\/\/sustainabloom.org\/es\/plantillas-para-la-planificacion-de-la-sostenibilidad\/\" target=\"_blank\" rel=\"noreferrer noopener\"><strong>Plantilla de planificaci\u00f3n de la sostenibilidad para florister\u00edas minoristas<\/strong><\/a>, y pr\u00f3ximamente estar\u00e1n disponibles versiones para mayoristas y productores. Te animamos a que explores la plantilla y esperamos que te resulte \u00fatil a la hora de definir tus objetivos de sostenibilidad.<\/p>\n\n\n\n<p class=\"wp-block-paragraph\">Si tienes alguna pregunta sobre el programa o, en general, sobre la sostenibilidad de la floricultura, no dudes en ponerte en contacto con nosotros (asolliday@sustainabloom.org). <strong>Y si quieres saber m\u00e1s sobre m\u00ed y mi trayectoria, consulta <\/strong><a href=\"https:\/\/sustainabloom.org\/es\/noticias\/amanda-solliday-nombrada-directora-senior-de-sustainabloom\/\" target=\"_blank\" rel=\"noreferrer noopener\"><strong>este anuncio<\/strong><\/a>.\u00a0<\/p>\n\n\n\n<p class=\"wp-block-paragraph\">\u00a1Estoy deseando colaborar con vuestras iniciativas de sostenibilidad este a\u00f1o!&nbsp;<\/p>\n\n\n\n<p class=\"wp-block-paragraph\">Amanda Solliday<br><strong><a href=\"mailto:asolliday@sustainabloom.org\" target=\"_blank\" rel=\"noreferrer noopener\">asolliday@sustainabloom.org<\/a><\/strong><\/p>\n\n\n\n<p class=\"wp-block-paragraph\"><\/p>\n\n\n<div class=\"wp-block-image\">\n<figure class=\"alignleft size-full is-resized\"><img loading=\"lazy\" decoding=\"async\" width=\"820\" height=\"340\" src=\"https:\/\/sustainabloom.org\/wp-content\/uploads\/2026\/01\/Screenshot-2026-01-28-at-8.23.01-AM.png\" alt=\"\" class=\"wp-image-3610\" style=\"aspect-ratio:2.4119028974158185;width:240px;height:auto\" srcset=\"https:\/\/sustainabloom.org\/wp-content\/uploads\/2026\/01\/Screenshot-2026-01-28-at-8.23.01-AM.png 820w, https:\/\/sustainabloom.org\/wp-content\/uploads\/2026\/01\/Screenshot-2026-01-28-at-8.23.01-AM-300x124.png 300w, https:\/\/sustainabloom.org\/wp-content\/uploads\/2026\/01\/Screenshot-2026-01-28-at-8.23.01-AM-768x318.png 768w, https:\/\/sustainabloom.org\/wp-content\/uploads\/2026\/01\/Screenshot-2026-01-28-at-8.23.01-AM-540x224.png 540w\" sizes=\"auto, (max-width: 820px) 100vw, 820px\" \/><\/figure>\n<\/div>","protected":false},"template":"","news-categories":[26],"class_list":["post-3602","news","type-news","status-publish","hentry","news-categories-news"],"acf":[],"yoast_head":"<!-- This site is optimized with the Yoast SEO plugin v28.4 - https:\/\/yoast.com\/product\/yoast-seo-wordpress\/ -->\n<title>A Welcome Message from the New Sustainabloom Senior Manager - Sustainabloom<\/title>\n<meta name=\"description\" content=\"Amanda Solliday is joining the AFE team as the Sustainabloom Senior Manager and writes to the industry in this message.\" \/>\n<meta name=\"robots\" content=\"index, follow, max-snippet:-1, max-image-preview:large, max-video-preview:-1\" \/>\n<link rel=\"canonical\" href=\"https:\/\/sustainabloom.org\/es\/noticias\/un-mensaje-de-bienvenida-del-nuevo-director-general-de-sustainabloom\/\" \/>\n<meta property=\"og:locale\" content=\"es_ES\" \/>\n<meta property=\"og:type\" content=\"article\" \/>\n<meta property=\"og:title\" content=\"A Welcome Message from the New Sustainabloom Senior Manager - Sustainabloom\" \/>\n<meta property=\"og:description\" content=\"Amanda Solliday is joining the AFE team as the Sustainabloom Senior Manager and writes to the industry in this message.\" \/>\n<meta property=\"og:url\" content=\"https:\/\/sustainabloom.org\/es\/noticias\/un-mensaje-de-bienvenida-del-nuevo-director-general-de-sustainabloom\/\" \/>\n<meta property=\"og:site_name\" content=\"Sustainabloom\" \/>\n<meta property=\"article:modified_time\" content=\"2026-01-28T17:12:43+00:00\" \/>\n<meta property=\"og:image\" content=\"https:\/\/sustainabloom.org\/wp-content\/uploads\/2025\/12\/RedWhite.jpg\" \/>\n\t<meta property=\"og:image:width\" content=\"1800\" \/>\n\t<meta property=\"og:image:height\" content=\"1200\" \/>\n\t<meta property=\"og:image:type\" content=\"image\/jpeg\" \/>\n<meta name=\"twitter:card\" content=\"summary_large_image\" \/>\n<meta name=\"twitter:label1\" content=\"Est. reading time\" \/>\n\t<meta name=\"twitter:data1\" content=\"2 minutes\" \/>\n<script type=\"application\/ld+json\" class=\"yoast-schema-graph\">{\"@context\":\"https:\\\/\\\/schema.org\",\"@graph\":[{\"@type\":\"WebPage\",\"@id\":\"https:\\\/\\\/sustainabloom.org\\\/news\\\/a-welcome-message-from-the-new-sustainabloom-senior-manager\\\/\",\"url\":\"https:\\\/\\\/sustainabloom.org\\\/news\\\/a-welcome-message-from-the-new-sustainabloom-senior-manager\\\/\",\"name\":\"A Welcome Message from the New Sustainabloom Senior Manager - Sustainabloom\",\"isPartOf\":{\"@id\":\"https:\\\/\\\/sustainabloom.org\\\/#website\"},\"primaryImageOfPage\":{\"@id\":\"https:\\\/\\\/sustainabloom.org\\\/news\\\/a-welcome-message-from-the-new-sustainabloom-senior-manager\\\/#primaryimage\"},\"image\":{\"@id\":\"https:\\\/\\\/sustainabloom.org\\\/news\\\/a-welcome-message-from-the-new-sustainabloom-senior-manager\\\/#primaryimage\"},\"thumbnailUrl\":\"https:\\\/\\\/sustainabloom.org\\\/wp-content\\\/uploads\\\/2025\\\/12\\\/RedWhite-1024x683.jpg\",\"datePublished\":\"2026-01-28T14:44:20+00:00\",\"dateModified\":\"2026-01-28T17:12:43+00:00\",\"description\":\"Amanda Solliday is joining the AFE team as the Sustainabloom Senior Manager and writes to the industry in this message.\",\"breadcrumb\":{\"@id\":\"https:\\\/\\\/sustainabloom.org\\\/news\\\/a-welcome-message-from-the-new-sustainabloom-senior-manager\\\/#breadcrumb\"},\"inLanguage\":\"es-ES\",\"potentialAction\":[{\"@type\":\"ReadAction\",\"target\":[\"https:\\\/\\\/sustainabloom.org\\\/news\\\/a-welcome-message-from-the-new-sustainabloom-senior-manager\\\/\"]}]},{\"@type\":\"ImageObject\",\"inLanguage\":\"es-ES\",\"@id\":\"https:\\\/\\\/sustainabloom.org\\\/news\\\/a-welcome-message-from-the-new-sustainabloom-senior-manager\\\/#primaryimage\",\"url\":\"https:\\\/\\\/sustainabloom.org\\\/wp-content\\\/uploads\\\/2025\\\/12\\\/RedWhite-1024x683.jpg\",\"contentUrl\":\"https:\\\/\\\/sustainabloom.org\\\/wp-content\\\/uploads\\\/2025\\\/12\\\/RedWhite-1024x683.jpg\"},{\"@type\":\"BreadcrumbList\",\"@id\":\"https:\\\/\\\/sustainabloom.org\\\/news\\\/a-welcome-message-from-the-new-sustainabloom-senior-manager\\\/#breadcrumb\",\"itemListElement\":[{\"@type\":\"ListItem\",\"position\":1,\"name\":\"Home\",\"item\":\"https:\\\/\\\/sustainabloom.org\\\/\"},{\"@type\":\"ListItem\",\"position\":2,\"name\":\"A Welcome Message from the New Sustainabloom Senior Manager\"}]},{\"@type\":\"WebSite\",\"@id\":\"https:\\\/\\\/sustainabloom.org\\\/#website\",\"url\":\"https:\\\/\\\/sustainabloom.org\\\/\",\"name\":\"Sustainabloom\",\"description\":\"\",\"potentialAction\":[{\"@type\":\"SearchAction\",\"target\":{\"@type\":\"EntryPoint\",\"urlTemplate\":\"https:\\\/\\\/sustainabloom.org\\\/?s={search_term_string}\"},\"query-input\":{\"@type\":\"PropertyValueSpecification\",\"valueRequired\":true,\"valueName\":\"search_term_string\"}}],\"inLanguage\":\"es-ES\"}]}<\/script>\n<!-- \/ Yoast SEO plugin. -->","yoast_head_json":{"title":"A Welcome Message from the New Sustainabloom Senior Manager - Sustainabloom","description":"Amanda Solliday is joining the AFE team as the Sustainabloom Senior Manager and writes to the industry in this message.","robots":{"index":"index","follow":"follow","max-snippet":"max-snippet:-1","max-image-preview":"max-image-preview:large","max-video-preview":"max-video-preview:-1"},"canonical":"https:\/\/sustainabloom.org\/es\/noticias\/un-mensaje-de-bienvenida-del-nuevo-director-general-de-sustainabloom\/","og_locale":"es_ES","og_type":"article","og_title":"A Welcome Message from the New Sustainabloom Senior Manager - Sustainabloom","og_description":"Amanda Solliday is joining the AFE team as the Sustainabloom Senior Manager and writes to the industry in this message.","og_url":"https:\/\/sustainabloom.org\/es\/noticias\/un-mensaje-de-bienvenida-del-nuevo-director-general-de-sustainabloom\/","og_site_name":"Sustainabloom","article_modified_time":"2026-01-28T17:12:43+00:00","og_image":[{"width":1800,"height":1200,"url":"https:\/\/sustainabloom.org\/wp-content\/uploads\/2025\/12\/RedWhite.jpg","type":"image\/jpeg"}],"twitter_card":"summary_large_image","twitter_misc":{"Est. reading time":"2 minutes"},"schema":{"@context":"https:\/\/schema.org","@graph":[{"@type":"WebPage","@id":"https:\/\/sustainabloom.org\/news\/a-welcome-message-from-the-new-sustainabloom-senior-manager\/","url":"https:\/\/sustainabloom.org\/news\/a-welcome-message-from-the-new-sustainabloom-senior-manager\/","name":"A Welcome Message from the New Sustainabloom Senior Manager - Sustainabloom","isPartOf":{"@id":"https:\/\/sustainabloom.org\/#website"},"primaryImageOfPage":{"@id":"https:\/\/sustainabloom.org\/news\/a-welcome-message-from-the-new-sustainabloom-senior-manager\/#primaryimage"},"image":{"@id":"https:\/\/sustainabloom.org\/news\/a-welcome-message-from-the-new-sustainabloom-senior-manager\/#primaryimage"},"thumbnailUrl":"https:\/\/sustainabloom.org\/wp-content\/uploads\/2025\/12\/RedWhite-1024x683.jpg","datePublished":"2026-01-28T14:44:20+00:00","dateModified":"2026-01-28T17:12:43+00:00","description":"Amanda Solliday is joining the AFE team as the Sustainabloom Senior Manager and writes to the industry in this message.","breadcrumb":{"@id":"https:\/\/sustainabloom.org\/news\/a-welcome-message-from-the-new-sustainabloom-senior-manager\/#breadcrumb"},"inLanguage":"es-ES","potentialAction":[{"@type":"ReadAction","target":["https:\/\/sustainabloom.org\/news\/a-welcome-message-from-the-new-sustainabloom-senior-manager\/"]}]},{"@type":"ImageObject","inLanguage":"es-ES","@id":"https:\/\/sustainabloom.org\/news\/a-welcome-message-from-the-new-sustainabloom-senior-manager\/#primaryimage","url":"https:\/\/sustainabloom.org\/wp-content\/uploads\/2025\/12\/RedWhite-1024x683.jpg","contentUrl":"https:\/\/sustainabloom.org\/wp-content\/uploads\/2025\/12\/RedWhite-1024x683.jpg"},{"@type":"BreadcrumbList","@id":"https:\/\/sustainabloom.org\/news\/a-welcome-message-from-the-new-sustainabloom-senior-manager\/#breadcrumb","itemListElement":[{"@type":"ListItem","position":1,"name":"Home","item":"https:\/\/sustainabloom.org\/"},{"@type":"ListItem","position":2,"name":"A Welcome Message from the New Sustainabloom Senior Manager"}]},{"@type":"WebSite","@id":"https:\/\/sustainabloom.org\/#website","url":"https:\/\/sustainabloom.org\/","name":"Sustainabloom","description":"","potentialAction":[{"@type":"SearchAction","target":{"@type":"EntryPoint","urlTemplate":"https:\/\/sustainabloom.org\/?s={search_term_string}"},"query-input":{"@type":"PropertyValueSpecification","valueRequired":true,"valueName":"search_term_string"}}],"inLanguage":"es-ES"}]}},"_links":{"self":[{"href":"https:\/\/sustainabloom.org\/es\/wp-json\/wp\/v2\/news\/3602","targetHints":{"allow":["GET"]}}],"collection":[{"href":"https:\/\/sustainabloom.org\/es\/wp-json\/wp\/v2\/news"}],"about":[{"href":"https:\/\/sustainabloom.org\/es\/wp-json\/wp\/v2\/types\/news"}],"version-history":[{"count":7,"href":"https:\/\/sustainabloom.org\/es\/wp-json\/wp\/v2\/news\/3602\/revisions"}],"predecessor-version":[{"id":3616,"href":"https:\/\/sustainabloom.org\/es\/wp-json\/wp\/v2\/news\/3602\/revisions\/3616"}],"wp:attachment":[{"href":"https:\/\/sustainabloom.org\/es\/wp-json\/wp\/v2\/media?parent=3602"}],"wp:term":[{"taxonomy":"news-categories","embeddable":true,"href":"https:\/\/sustainabloom.org\/es\/wp-json\/wp\/v2\/news-categories?post=3602"}],"curies":[{"name":"wp","href":"https:\/\/api.w.org\/{rel}","templated":true}]}}